{"id":281,"date":"2025-04-19T11:24:18","date_gmt":"2025-04-19T11:24:18","guid":{"rendered":"http:\/\/dellenfreisalem.de\/?p=281"},"modified":"2025-10-13T18:33:30","modified_gmt":"2025-10-13T18:33:30","slug":"insignia-b-langegezogene-delle-an-tuer","status":"publish","type":"post","link":"https:\/\/dellenfreisalem.de\/?p=281","title":{"rendered":"Insignia B Langgezogene Delle an T\u00fcr"},"content":{"rendered":"\n<div class=\"wp-block-columns alignfull are-vertically-aligned-top is-layout-flex wp-container-core-columns-is-layout-9d6595d7 wp-block-columns-is-layout-flex\">\n<div class=\"wp-block-column is-vertically-aligned-top is-layout-flow wp-block-column-is-layout-flow\" style=\"flex-basis:100%\"><div class=\"wp-block-image\">\n<figure class=\"aligncenter size-large\"><img loading=\"lazy\" decoding=\"async\" width=\"461\" height=\"1024\" src=\"http:\/\/dellenfreisalem.de\/wp-content\/uploads\/2025\/04\/Insignia-B-Seite-Tuer-hinten-links-1-1-461x1024.jpg\" alt=\"\" class=\"wp-image-284\" srcset=\"https:\/\/dellenfreisalem.de\/wp-content\/uploads\/2025\/04\/Insignia-B-Seite-Tuer-hinten-links-1-1-461x1024.jpg 461w, https:\/\/dellenfreisalem.de\/wp-content\/uploads\/2025\/04\/Insignia-B-Seite-Tuer-hinten-links-1-1-135x300.jpg 135w, https:\/\/dellenfreisalem.de\/wp-content\/uploads\/2025\/04\/Insignia-B-Seite-Tuer-hinten-links-1-1-768x1706.jpg 768w, https:\/\/dellenfreisalem.de\/wp-content\/uploads\/2025\/04\/Insignia-B-Seite-Tuer-hinten-links-1-1-692x1536.jpg 692w, https:\/\/dellenfreisalem.de\/wp-content\/uploads\/2025\/04\/Insignia-B-Seite-Tuer-hinten-links-1-1.jpg 922w\" sizes=\"auto, (max-width: 461px) 100vw, 461px\" \/><\/figure>\n<\/div><\/div>\n<\/div>\n\n\n\n<p class=\"has-text-align-center has-medium-font-size\">weich verformter Schaden gut erkennbar&#8230;<\/p>\n\n\n\n<div class=\"wp-block-columns is-layout-flex wp-container-core-columns-is-layout-9d6595d7 wp-block-columns-is-layout-flex\">\n<div class=\"wp-block-column is-layout-flow wp-block-column-is-layout-flow\" style=\"flex-basis:100%\"><div class=\"wp-block-image\">\n<figure class=\"aligncenter size-large is-resized\"><img loading=\"lazy\" decoding=\"async\" width=\"1024\" height=\"461\" src=\"http:\/\/dellenfreisalem.de\/wp-content\/uploads\/2025\/04\/Insignia-B-Seite-Tuer-hinten-links-3-1024x461.jpg\" alt=\"\" class=\"wp-image-287\" style=\"width:540px;height:auto\" srcset=\"https:\/\/dellenfreisalem.de\/wp-content\/uploads\/2025\/04\/Insignia-B-Seite-Tuer-hinten-links-3-1024x461.jpg 1024w, https:\/\/dellenfreisalem.de\/wp-content\/uploads\/2025\/04\/Insignia-B-Seite-Tuer-hinten-links-3-300x135.jpg 300w, https:\/\/dellenfreisalem.de\/wp-content\/uploads\/2025\/04\/Insignia-B-Seite-Tuer-hinten-links-3-768x346.jpg 768w, https:\/\/dellenfreisalem.de\/wp-content\/uploads\/2025\/04\/Insignia-B-Seite-Tuer-hinten-links-3-1536x692.jpg 1536w, https:\/\/dellenfreisalem.de\/wp-content\/uploads\/2025\/04\/Insignia-B-Seite-Tuer-hinten-links-3.jpg 2048w\" sizes=\"auto, (max-width: 1024px) 100vw, 1024px\" \/><\/figure>\n<\/div><\/div>\n<\/div>\n\n\n\n<p class=\"has-text-align-center has-medium-font-size\">Schaden unter der Lampe..<\/p>\n\n\n<div class=\"wp-block-image\">\n<figure class=\"aligncenter size-large\"><img loading=\"lazy\" decoding=\"async\" width=\"1260\" height=\"567\" src=\"http:\/\/dellenfreisalem.de\/wp-content\/uploads\/2025\/04\/Insignia-B-Seite-Tuer-hinten-links-7-edited.jpg\" alt=\"\" class=\"wp-image-296\" srcset=\"https:\/\/dellenfreisalem.de\/wp-content\/uploads\/2025\/04\/Insignia-B-Seite-Tuer-hinten-links-7-edited.jpg 1260w, https:\/\/dellenfreisalem.de\/wp-content\/uploads\/2025\/04\/Insignia-B-Seite-Tuer-hinten-links-7-edited-300x135.jpg 300w, https:\/\/dellenfreisalem.de\/wp-content\/uploads\/2025\/04\/Insignia-B-Seite-Tuer-hinten-links-7-edited-1024x461.jpg 1024w, https:\/\/dellenfreisalem.de\/wp-content\/uploads\/2025\/04\/Insignia-B-Seite-Tuer-hinten-links-7-edited-768x346.jpg 768w\" sizes=\"auto, (max-width: 1260px) 100vw, 1260px\" \/><\/figure>\n<\/div>\n\n\n<p class=\"has-text-align-center has-medium-font-size\">Schaden wurde sanft rausgedr\u00fcckt.. Lampenstreifen sind jetzt nahezu gerade..<\/p>\n\n\n<div class=\"wp-block-image\">\n<figure class=\"aligncenter size-large\"><img loading=\"lazy\" decoding=\"async\" width=\"1024\" height=\"461\" src=\"http:\/\/dellenfreisalem.de\/wp-content\/uploads\/2025\/04\/Insignia-B-Seite-Tuer-hinten-links-6-1024x461.jpg\" alt=\"\" class=\"wp-image-289\" srcset=\"https:\/\/dellenfreisalem.de\/wp-content\/uploads\/2025\/04\/Insignia-B-Seite-Tuer-hinten-links-6-1024x461.jpg 1024w, https:\/\/dellenfreisalem.de\/wp-content\/uploads\/2025\/04\/Insignia-B-Seite-Tuer-hinten-links-6-300x135.jpg 300w, https:\/\/dellenfreisalem.de\/wp-content\/uploads\/2025\/04\/Insignia-B-Seite-Tuer-hinten-links-6-768x346.jpg 768w, https:\/\/dellenfreisalem.de\/wp-content\/uploads\/2025\/04\/Insignia-B-Seite-Tuer-hinten-links-6-1536x692.jpg 1536w, https:\/\/dellenfreisalem.de\/wp-content\/uploads\/2025\/04\/Insignia-B-Seite-Tuer-hinten-links-6.jpg 2048w\" sizes=\"auto, (max-width: 1024px) 100vw, 1024px\" \/><\/figure>\n<\/div>\n\n\n<p class=\"has-text-align-center has-medium-font-size\">Finish, die leichten Erh\u00f6hungen werden zus\u00e4tzlich noch mit 2000er geschliffen und mit Maschine rauspoliert..<\/p>\n\n\n<div class=\"wp-block-image\">\n<figure class=\"aligncenter size-large\"><img loading=\"lazy\" decoding=\"async\" width=\"1024\" height=\"461\" src=\"http:\/\/dellenfreisalem.de\/wp-content\/uploads\/2025\/04\/Insignia-B-Seite-Tuer-hinten-links-5-1024x461.jpg\" alt=\"\" class=\"wp-image-290\" srcset=\"https:\/\/dellenfreisalem.de\/wp-content\/uploads\/2025\/04\/Insignia-B-Seite-Tuer-hinten-links-5-1024x461.jpg 1024w, https:\/\/dellenfreisalem.de\/wp-content\/uploads\/2025\/04\/Insignia-B-Seite-Tuer-hinten-links-5-300x135.jpg 300w, https:\/\/dellenfreisalem.de\/wp-content\/uploads\/2025\/04\/Insignia-B-Seite-Tuer-hinten-links-5-768x346.jpg 768w, https:\/\/dellenfreisalem.de\/wp-content\/uploads\/2025\/04\/Insignia-B-Seite-Tuer-hinten-links-5-1536x692.jpg 1536w, https:\/\/dellenfreisalem.de\/wp-content\/uploads\/2025\/04\/Insignia-B-Seite-Tuer-hinten-links-5.jpg 2048w\" sizes=\"auto, (max-width: 1024px) 100vw, 1024px\" \/><\/figure>\n<\/div>\n\n\n<p class=\"has-text-align-center has-large-font-size\">Hier das Endergebnis.<\/p>\n","protected":false},"excerpt":{"rendered":"<p>weich verformter Schaden gut erkennbar&#8230; Schaden unter der Lampe.. Schaden wurde sanft rausgedr\u00fcckt.. Lampenstreifen sind jetzt nahezu gerade.. Finish, die leichten Erh\u00f6hungen werden zus\u00e4tzlich noch mit 2000er geschliffen und mit &#8230;<\/p>\n","protected":false},"author":1,"featured_media":286,"comment_status":"open","ping_status":"open","sticky":false,"template":"","format":"standard","meta":{"footnotes":""},"categories":[1],"tags":[9,7,8,10,13],"class_list":["post-281","post","type-post","status-publish","format-standard","has-post-thumbnail","hentry","category-uncategorized","tag-delle","tag-dellentechnik","tag-lackschaden","tag-repariert","tag-sanft"],"yoast_head":"<!-- This site is optimized with the Yoast SEO plugin v27.5 - https:\/\/yoast.com\/product\/yoast-seo-wordpress\/ -->\n<title>Insignia B Langgezogene Delle an T\u00fcr - Dellenfrei Salem<\/title>\n<meta name=\"robots\" content=\"index, follow, max-snippet:-1, max-image-preview:large, max-video-preview:-1\" \/>\n<link rel=\"canonical\" href=\"https:\/\/dellenfreisalem.de\/?p=281\" \/>\n<meta property=\"og:locale\" content=\"de_DE\" \/>\n<meta property=\"og:type\" content=\"article\" \/>\n<meta property=\"og:title\" content=\"Insignia B Langgezogene Delle an T\u00fcr - Dellenfrei Salem\" \/>\n<meta property=\"og:description\" content=\"weich verformter Schaden gut erkennbar&#8230; Schaden unter der Lampe.. Schaden wurde sanft rausgedr\u00fcckt.. Lampenstreifen sind jetzt nahezu gerade.. Finish, die leichten Erh\u00f6hungen werden zus\u00e4tzlich noch mit 2000er geschliffen und mit ...\" \/>\n<meta property=\"og:url\" content=\"https:\/\/dellenfreisalem.de\/?p=281\" \/>\n<meta property=\"og:site_name\" content=\"Dellenfrei Salem\" \/>\n<meta property=\"article:published_time\" content=\"2025-04-19T11:24:18+00:00\" \/>\n<meta property=\"article:modified_time\" content=\"2025-10-13T18:33:30+00:00\" \/>\n<meta property=\"og:image\" content=\"https:\/\/dellenfreisalem.de\/wp-content\/uploads\/2025\/04\/Insignia-B-Seite-Tuer-hinten-links-1-2.jpg\" \/>\n\t<meta property=\"og:image:width\" content=\"922\" \/>\n\t<meta property=\"og:image:height\" content=\"2048\" \/>\n\t<meta property=\"og:image:type\" content=\"image\/jpeg\" \/>\n<meta name=\"author\" content=\"David\" \/>\n<meta name=\"twitter:card\" content=\"summary_large_image\" \/>\n<meta name=\"twitter:label1\" content=\"Verfasst von\" \/>\n\t<meta name=\"twitter:data1\" content=\"David\" \/>\n\t<meta name=\"twitter:label2\" content=\"Gesch\u00e4tzte Lesezeit\" \/>\n\t<meta name=\"twitter:data2\" content=\"2\u00a0Minuten\" \/>\n<script type=\"application\/ld+json\" class=\"yoast-schema-graph\">{\"@context\":\"https:\\\/\\\/schema.org\",\"@graph\":[{\"@type\":\"Article\",\"@id\":\"https:\\\/\\\/dellenfreisalem.de\\\/?p=281#article\",\"isPartOf\":{\"@id\":\"https:\\\/\\\/dellenfreisalem.de\\\/?p=281\"},\"author\":{\"name\":\"David\",\"@id\":\"http:\\\/\\\/dellenfreisalem.de\\\/#\\\/schema\\\/person\\\/785e33f59a9c5fd520d98208d669c0a8\"},\"headline\":\"Insignia B Langgezogene Delle an T\u00fcr\",\"datePublished\":\"2025-04-19T11:24:18+00:00\",\"dateModified\":\"2025-10-13T18:33:30+00:00\",\"mainEntityOfPage\":{\"@id\":\"https:\\\/\\\/dellenfreisalem.de\\\/?p=281\"},\"wordCount\":45,\"commentCount\":0,\"publisher\":{\"@id\":\"http:\\\/\\\/dellenfreisalem.de\\\/#organization\"},\"image\":{\"@id\":\"https:\\\/\\\/dellenfreisalem.de\\\/?p=281#primaryimage\"},\"thumbnailUrl\":\"https:\\\/\\\/dellenfreisalem.de\\\/wp-content\\\/uploads\\\/2025\\\/04\\\/Insignia-B-Seite-Tuer-hinten-links-1-2.jpg\",\"keywords\":[\"Delle\",\"Dellentechnik\",\"Lackschaden\",\"repariert\",\"Sanft\"],\"articleSection\":[\"Uncategorized\"],\"inLanguage\":\"de\",\"potentialAction\":[{\"@type\":\"CommentAction\",\"name\":\"Comment\",\"target\":[\"https:\\\/\\\/dellenfreisalem.de\\\/?p=281#respond\"]}]},{\"@type\":\"WebPage\",\"@id\":\"https:\\\/\\\/dellenfreisalem.de\\\/?p=281\",\"url\":\"https:\\\/\\\/dellenfreisalem.de\\\/?p=281\",\"name\":\"Insignia B Langgezogene Delle an T\u00fcr - Dellenfrei Salem\",\"isPartOf\":{\"@id\":\"http:\\\/\\\/dellenfreisalem.de\\\/#website\"},\"primaryImageOfPage\":{\"@id\":\"https:\\\/\\\/dellenfreisalem.de\\\/?p=281#primaryimage\"},\"image\":{\"@id\":\"https:\\\/\\\/dellenfreisalem.de\\\/?p=281#primaryimage\"},\"thumbnailUrl\":\"https:\\\/\\\/dellenfreisalem.de\\\/wp-content\\\/uploads\\\/2025\\\/04\\\/Insignia-B-Seite-Tuer-hinten-links-1-2.jpg\",\"datePublished\":\"2025-04-19T11:24:18+00:00\",\"dateModified\":\"2025-10-13T18:33:30+00:00\",\"breadcrumb\":{\"@id\":\"https:\\\/\\\/dellenfreisalem.de\\\/?p=281#breadcrumb\"},\"inLanguage\":\"de\",\"potentialAction\":[{\"@type\":\"ReadAction\",\"target\":[\"https:\\\/\\\/dellenfreisalem.de\\\/?p=281\"]}]},{\"@type\":\"ImageObject\",\"inLanguage\":\"de\",\"@id\":\"https:\\\/\\\/dellenfreisalem.de\\\/?p=281#primaryimage\",\"url\":\"https:\\\/\\\/dellenfreisalem.de\\\/wp-content\\\/uploads\\\/2025\\\/04\\\/Insignia-B-Seite-Tuer-hinten-links-1-2.jpg\",\"contentUrl\":\"https:\\\/\\\/dellenfreisalem.de\\\/wp-content\\\/uploads\\\/2025\\\/04\\\/Insignia-B-Seite-Tuer-hinten-links-1-2.jpg\",\"width\":922,\"height\":2048},{\"@type\":\"BreadcrumbList\",\"@id\":\"https:\\\/\\\/dellenfreisalem.de\\\/?p=281#breadcrumb\",\"itemListElement\":[{\"@type\":\"ListItem\",\"position\":1,\"name\":\"Startseite\",\"item\":\"http:\\\/\\\/dellenfreisalem.de\\\/\"},{\"@type\":\"ListItem\",\"position\":2,\"name\":\"Insignia B Langgezogene Delle an T\u00fcr\"}]},{\"@type\":\"WebSite\",\"@id\":\"http:\\\/\\\/dellenfreisalem.de\\\/#website\",\"url\":\"http:\\\/\\\/dellenfreisalem.de\\\/\",\"name\":\"www.Dellenfreisalem.de\",\"description\":\"\",\"publisher\":{\"@id\":\"http:\\\/\\\/dellenfreisalem.de\\\/#organization\"},\"potentialAction\":[{\"@type\":\"SearchAction\",\"target\":{\"@type\":\"EntryPoint\",\"urlTemplate\":\"http:\\\/\\\/dellenfreisalem.de\\\/?s={search_term_string}\"},\"query-input\":{\"@type\":\"PropertyValueSpecification\",\"valueRequired\":true,\"valueName\":\"search_term_string\"}}],\"inLanguage\":\"de\"},{\"@type\":\"Organization\",\"@id\":\"http:\\\/\\\/dellenfreisalem.de\\\/#organization\",\"name\":\"Dellenfrei Salem\",\"url\":\"http:\\\/\\\/dellenfreisalem.de\\\/\",\"logo\":{\"@type\":\"ImageObject\",\"inLanguage\":\"de\",\"@id\":\"http:\\\/\\\/dellenfreisalem.de\\\/#\\\/schema\\\/logo\\\/image\\\/\",\"url\":\"https:\\\/\\\/dellenfreisalem.de\\\/wp-content\\\/uploads\\\/2025\\\/03\\\/Logo-neu_lang_550px.png\",\"contentUrl\":\"https:\\\/\\\/dellenfreisalem.de\\\/wp-content\\\/uploads\\\/2025\\\/03\\\/Logo-neu_lang_550px.png\",\"width\":550,\"height\":139,\"caption\":\"Dellenfrei Salem\"},\"image\":{\"@id\":\"http:\\\/\\\/dellenfreisalem.de\\\/#\\\/schema\\\/logo\\\/image\\\/\"}},{\"@type\":\"Person\",\"@id\":\"http:\\\/\\\/dellenfreisalem.de\\\/#\\\/schema\\\/person\\\/785e33f59a9c5fd520d98208d669c0a8\",\"name\":\"David\",\"image\":{\"@type\":\"ImageObject\",\"inLanguage\":\"de\",\"@id\":\"https:\\\/\\\/secure.gravatar.com\\\/avatar\\\/41666a94855b31310abc125a921c02cbc9224ad668830b1b8249c897ab588dff?s=96&d=mm&r=g\",\"url\":\"https:\\\/\\\/secure.gravatar.com\\\/avatar\\\/41666a94855b31310abc125a921c02cbc9224ad668830b1b8249c897ab588dff?s=96&d=mm&r=g\",\"contentUrl\":\"https:\\\/\\\/secure.gravatar.com\\\/avatar\\\/41666a94855b31310abc125a921c02cbc9224ad668830b1b8249c897ab588dff?s=96&d=mm&r=g\",\"caption\":\"David\"},\"sameAs\":[\"http:\\\/\\\/dellenfreisalem.de\"],\"url\":\"https:\\\/\\\/dellenfreisalem.de\\\/?author=1\"}]}<\/script>\n<!-- \/ Yoast SEO plugin. -->","yoast_head_json":{"title":"Insignia B Langgezogene Delle an T\u00fcr - Dellenfrei Salem","robots":{"index":"index","follow":"follow","max-snippet":"max-snippet:-1","max-image-preview":"max-image-preview:large","max-video-preview":"max-video-preview:-1"},"canonical":"https:\/\/dellenfreisalem.de\/?p=281","og_locale":"de_DE","og_type":"article","og_title":"Insignia B Langgezogene Delle an T\u00fcr - Dellenfrei Salem","og_description":"weich verformter Schaden gut erkennbar&#8230; Schaden unter der Lampe.. Schaden wurde sanft rausgedr\u00fcckt.. Lampenstreifen sind jetzt nahezu gerade.. Finish, die leichten Erh\u00f6hungen werden zus\u00e4tzlich noch mit 2000er geschliffen und mit ...","og_url":"https:\/\/dellenfreisalem.de\/?p=281","og_site_name":"Dellenfrei Salem","article_published_time":"2025-04-19T11:24:18+00:00","article_modified_time":"2025-10-13T18:33:30+00:00","og_image":[{"width":922,"height":2048,"url":"https:\/\/dellenfreisalem.de\/wp-content\/uploads\/2025\/04\/Insignia-B-Seite-Tuer-hinten-links-1-2.jpg","type":"image\/jpeg"}],"author":"David","twitter_card":"summary_large_image","twitter_misc":{"Verfasst von":"David","Gesch\u00e4tzte Lesezeit":"2\u00a0Minuten"},"schema":{"@context":"https:\/\/schema.org","@graph":[{"@type":"Article","@id":"https:\/\/dellenfreisalem.de\/?p=281#article","isPartOf":{"@id":"https:\/\/dellenfreisalem.de\/?p=281"},"author":{"name":"David","@id":"http:\/\/dellenfreisalem.de\/#\/schema\/person\/785e33f59a9c5fd520d98208d669c0a8"},"headline":"Insignia B Langgezogene Delle an T\u00fcr","datePublished":"2025-04-19T11:24:18+00:00","dateModified":"2025-10-13T18:33:30+00:00","mainEntityOfPage":{"@id":"https:\/\/dellenfreisalem.de\/?p=281"},"wordCount":45,"commentCount":0,"publisher":{"@id":"http:\/\/dellenfreisalem.de\/#organization"},"image":{"@id":"https:\/\/dellenfreisalem.de\/?p=281#primaryimage"},"thumbnailUrl":"https:\/\/dellenfreisalem.de\/wp-content\/uploads\/2025\/04\/Insignia-B-Seite-Tuer-hinten-links-1-2.jpg","keywords":["Delle","Dellentechnik","Lackschaden","repariert","Sanft"],"articleSection":["Uncategorized"],"inLanguage":"de","potentialAction":[{"@type":"CommentAction","name":"Comment","target":["https:\/\/dellenfreisalem.de\/?p=281#respond"]}]},{"@type":"WebPage","@id":"https:\/\/dellenfreisalem.de\/?p=281","url":"https:\/\/dellenfreisalem.de\/?p=281","name":"Insignia B Langgezogene Delle an T\u00fcr - Dellenfrei Salem","isPartOf":{"@id":"http:\/\/dellenfreisalem.de\/#website"},"primaryImageOfPage":{"@id":"https:\/\/dellenfreisalem.de\/?p=281#primaryimage"},"image":{"@id":"https:\/\/dellenfreisalem.de\/?p=281#primaryimage"},"thumbnailUrl":"https:\/\/dellenfreisalem.de\/wp-content\/uploads\/2025\/04\/Insignia-B-Seite-Tuer-hinten-links-1-2.jpg","datePublished":"2025-04-19T11:24:18+00:00","dateModified":"2025-10-13T18:33:30+00:00","breadcrumb":{"@id":"https:\/\/dellenfreisalem.de\/?p=281#breadcrumb"},"inLanguage":"de","potentialAction":[{"@type":"ReadAction","target":["https:\/\/dellenfreisalem.de\/?p=281"]}]},{"@type":"ImageObject","inLanguage":"de","@id":"https:\/\/dellenfreisalem.de\/?p=281#primaryimage","url":"https:\/\/dellenfreisalem.de\/wp-content\/uploads\/2025\/04\/Insignia-B-Seite-Tuer-hinten-links-1-2.jpg","contentUrl":"https:\/\/dellenfreisalem.de\/wp-content\/uploads\/2025\/04\/Insignia-B-Seite-Tuer-hinten-links-1-2.jpg","width":922,"height":2048},{"@type":"BreadcrumbList","@id":"https:\/\/dellenfreisalem.de\/?p=281#breadcrumb","itemListElement":[{"@type":"ListItem","position":1,"name":"Startseite","item":"http:\/\/dellenfreisalem.de\/"},{"@type":"ListItem","position":2,"name":"Insignia B Langgezogene Delle an T\u00fcr"}]},{"@type":"WebSite","@id":"http:\/\/dellenfreisalem.de\/#website","url":"http:\/\/dellenfreisalem.de\/","name":"www.Dellenfreisalem.de","description":"","publisher":{"@id":"http:\/\/dellenfreisalem.de\/#organization"},"potentialAction":[{"@type":"SearchAction","target":{"@type":"EntryPoint","urlTemplate":"http:\/\/dellenfreisalem.de\/?s={search_term_string}"},"query-input":{"@type":"PropertyValueSpecification","valueRequired":true,"valueName":"search_term_string"}}],"inLanguage":"de"},{"@type":"Organization","@id":"http:\/\/dellenfreisalem.de\/#organization","name":"Dellenfrei Salem","url":"http:\/\/dellenfreisalem.de\/","logo":{"@type":"ImageObject","inLanguage":"de","@id":"http:\/\/dellenfreisalem.de\/#\/schema\/logo\/image\/","url":"https:\/\/dellenfreisalem.de\/wp-content\/uploads\/2025\/03\/Logo-neu_lang_550px.png","contentUrl":"https:\/\/dellenfreisalem.de\/wp-content\/uploads\/2025\/03\/Logo-neu_lang_550px.png","width":550,"height":139,"caption":"Dellenfrei Salem"},"image":{"@id":"http:\/\/dellenfreisalem.de\/#\/schema\/logo\/image\/"}},{"@type":"Person","@id":"http:\/\/dellenfreisalem.de\/#\/schema\/person\/785e33f59a9c5fd520d98208d669c0a8","name":"David","image":{"@type":"ImageObject","inLanguage":"de","@id":"https:\/\/secure.gravatar.com\/avatar\/41666a94855b31310abc125a921c02cbc9224ad668830b1b8249c897ab588dff?s=96&d=mm&r=g","url":"https:\/\/secure.gravatar.com\/avatar\/41666a94855b31310abc125a921c02cbc9224ad668830b1b8249c897ab588dff?s=96&d=mm&r=g","contentUrl":"https:\/\/secure.gravatar.com\/avatar\/41666a94855b31310abc125a921c02cbc9224ad668830b1b8249c897ab588dff?s=96&d=mm&r=g","caption":"David"},"sameAs":["http:\/\/dellenfreisalem.de"],"url":"https:\/\/dellenfreisalem.de\/?author=1"}]}},"rttpg_featured_image_url":{"full":["https:\/\/dellenfreisalem.de\/wp-content\/uploads\/2025\/04\/Insignia-B-Seite-Tuer-hinten-links-1-2.jpg",922,2048,false],"landscape":["https:\/\/dellenfreisalem.de\/wp-content\/uploads\/2025\/04\/Insignia-B-Seite-Tuer-hinten-links-1-2.jpg",922,2048,false],"portraits":["https:\/\/dellenfreisalem.de\/wp-content\/uploads\/2025\/04\/Insignia-B-Seite-Tuer-hinten-links-1-2.jpg",922,2048,false],"thumbnail":["https:\/\/dellenfreisalem.de\/wp-content\/uploads\/2025\/04\/Insignia-B-Seite-Tuer-hinten-links-1-2-150x150.jpg",150,150,true],"medium":["https:\/\/dellenfreisalem.de\/wp-content\/uploads\/2025\/04\/Insignia-B-Seite-Tuer-hinten-links-1-2-135x300.jpg",135,300,true],"large":["https:\/\/dellenfreisalem.de\/wp-content\/uploads\/2025\/04\/Insignia-B-Seite-Tuer-hinten-links-1-2-461x1024.jpg",461,1024,true],"1536x1536":["https:\/\/dellenfreisalem.de\/wp-content\/uploads\/2025\/04\/Insignia-B-Seite-Tuer-hinten-links-1-2-692x1536.jpg",692,1536,true],"2048x2048":["https:\/\/dellenfreisalem.de\/wp-content\/uploads\/2025\/04\/Insignia-B-Seite-Tuer-hinten-links-1-2.jpg",922,2048,false],"onepress-blog-small":["https:\/\/dellenfreisalem.de\/wp-content\/uploads\/2025\/04\/Insignia-B-Seite-Tuer-hinten-links-1-2-300x150.jpg",300,150,true],"onepress-small":["https:\/\/dellenfreisalem.de\/wp-content\/uploads\/2025\/04\/Insignia-B-Seite-Tuer-hinten-links-1-2-480x300.jpg",480,300,true],"onepress-medium":["https:\/\/dellenfreisalem.de\/wp-content\/uploads\/2025\/04\/Insignia-B-Seite-Tuer-hinten-links-1-2-640x400.jpg",640,400,true]},"rttpg_author":{"display_name":"David","author_link":"https:\/\/dellenfreisalem.de\/?author=1"},"rttpg_comment":0,"rttpg_category":"<a href=\"https:\/\/dellenfreisalem.de\/?cat=1\" rel=\"category\">Uncategorized<\/a>","rttpg_excerpt":"weich verformter Schaden gut erkennbar&#8230; Schaden unter der Lampe.. Schaden wurde sanft rausgedr\u00fcckt.. Lampenstreifen sind jetzt nahezu gerade.. Finish, die leichten Erh\u00f6hungen werden zus\u00e4tzlich noch mit 2000er geschliffen und mit ...","_links":{"self":[{"href":"https:\/\/dellenfreisalem.de\/index.php?rest_route=\/wp\/v2\/posts\/281","targetHints":{"allow":["GET"]}}],"collection":[{"href":"https:\/\/dellenfreisalem.de\/index.php?rest_route=\/wp\/v2\/posts"}],"about":[{"href":"https:\/\/dellenfreisalem.de\/index.php?rest_route=\/wp\/v2\/types\/post"}],"author":[{"embeddable":true,"href":"https:\/\/dellenfreisalem.de\/index.php?rest_route=\/wp\/v2\/users\/1"}],"replies":[{"embeddable":true,"href":"https:\/\/dellenfreisalem.de\/index.php?rest_route=%2Fwp%2Fv2%2Fcomments&post=281"}],"version-history":[{"count":12,"href":"https:\/\/dellenfreisalem.de\/index.php?rest_route=\/wp\/v2\/posts\/281\/revisions"}],"predecessor-version":[{"id":306,"href":"https:\/\/dellenfreisalem.de\/index.php?rest_route=\/wp\/v2\/posts\/281\/revisions\/306"}],"wp:featuredmedia":[{"embeddable":true,"href":"https:\/\/dellenfreisalem.de\/index.php?rest_route=\/wp\/v2\/media\/286"}],"wp:attachment":[{"href":"https:\/\/dellenfreisalem.de\/index.php?rest_route=%2Fwp%2Fv2%2Fmedia&parent=281"}],"wp:term":[{"taxonomy":"category","embeddable":true,"href":"https:\/\/dellenfreisalem.de\/index.php?rest_route=%2Fwp%2Fv2%2Fcategories&post=281"},{"taxonomy":"post_tag","embeddable":true,"href":"https:\/\/dellenfreisalem.de\/index.php?rest_route=%2Fwp%2Fv2%2Ftags&post=281"}],"curies":[{"name":"wp","href":"https:\/\/api.w.org\/{rel}","templated":true}]}}